{"id":15706,"date":"2018-01-20T17:31:26","date_gmt":"2018-01-20T17:31:26","guid":{"rendered":"http:\/\/liceolollino.it\/?p=15706"},"modified":"2018-09-12T17:32:50","modified_gmt":"2018-09-12T17:32:50","slug":"scuola-aperta","status":"publish","type":"post","link":"https:\/\/liceolollino.it\/scuola-aperta\/","title":{"rendered":"Scuola Aperta"},"content":{"rendered":"<p><span style=\"font-weight: 400;\">Particolarmente partecipate le edizioni di \u201cScuola Aperta\u201d dell&#8217;anno scolastico 2017-2018, anche grazie all&#8217;annuncio del nuovo indirizzo scientifico.<\/span><\/p>\n<p><span style=\"font-weight: 400;\">\u201cL\u2019idea \u00e8 quella di integrare i due indirizzi\u201d ha spiegato il preside, don Elio Larese, \u201dmantenendo per\u00f2 le caratteristiche di entrambi: il classico avr\u00e0 la sua specificit\u00e0 (ad esempio lo studio del greco) e porter\u00e0 alla maturit\u00e0 classica, lo scientifico avr\u00e0 le sue materie di indirizzo (in particolare matematica e fisica) e porter\u00e0 alla maturit\u00e0 scientifica, ma le lezioni comuni, frequentate nella stessa classe, consentiranno l&#8217;interazione tra sensibilit\u00e0 umanistica e cultura scientifica&#8221;.<\/span><\/p>\n<p><span style=\"font-weight: 400;\">La scuola ha aperto le porte a genitori e studenti sabato 16 dicembre e sabato 20 gennaio.<\/span><\/p>\n","protected":false},"excerpt":{"rendered":"<p>Particolarmente partecipate le edizioni di \u201cScuola Aperta\u201d dell&#8217;anno scolastico 2017-2018, anche grazie all&#8217;annuncio del nuovo indirizzo scientifico. \u201cL\u2019idea \u00e8 quella di integrare i due indirizzi\u201d ha spiegato il preside, don Elio Larese, \u201dmantenendo per\u00f2 le caratteristiche di entrambi: il classico avr\u00e0 la sua specificit\u00e0 (ad&#8230;<\/p>\n","protected":false},"author":2,"featured_media":15667,"comment_status":"open","ping_status":"open","sticky":false,"template":"","format":"standard","meta":{"_mi_skip_tracking":false,"_monsterinsights_sitenote_active":false,"_monsterinsights_sitenote_note":"","_monsterinsights_sitenote_category":0,"footnotes":""},"categories":[241,239],"tags":[],"acf":[],"_links":{"self":[{"href":"https:\/\/liceolollino.it\/myapi-api\/wp\/v2\/posts\/15706"}],"collection":[{"href":"https:\/\/liceolollino.it\/myapi-api\/wp\/v2\/posts"}],"about":[{"href":"https:\/\/liceolollino.it\/myapi-api\/wp\/v2\/types\/post"}],"author":[{"embeddable":true,"href":"https:\/\/liceolollino.it\/myapi-api\/wp\/v2\/users\/2"}],"replies":[{"embeddable":true,"href":"https:\/\/liceolollino.it\/myapi-api\/wp\/v2\/comments?post=15706"}],"version-history":[{"count":1,"href":"https:\/\/liceolollino.it\/myapi-api\/wp\/v2\/posts\/15706\/revisions"}],"predecessor-version":[{"id":15707,"href":"https:\/\/liceolollino.it\/myapi-api\/wp\/v2\/posts\/15706\/revisions\/15707"}],"wp:featuredmedia":[{"embeddable":true,"href":"https:\/\/liceolollino.it\/myapi-api\/wp\/v2\/media\/15667"}],"wp:attachment":[{"href":"https:\/\/liceolollino.it\/myapi-api\/wp\/v2\/media?parent=15706"}],"wp:term":[{"taxonomy":"category","embeddable":true,"href":"https:\/\/liceolollino.it\/myapi-api\/wp\/v2\/categories?post=15706"},{"taxonomy":"post_tag","embeddable":true,"href":"https:\/\/liceolollino.it\/myapi-api\/wp\/v2\/tags?post=15706"}],"curies":[{"name":"wp","href":"https:\/\/api.w.org\/{rel}","templated":true}]}}