{"id":15963,"date":"2018-12-26T19:26:00","date_gmt":"2018-12-26T19:26:00","guid":{"rendered":"http:\/\/liceolollino.it\/?p=15963"},"modified":"2019-01-03T16:39:00","modified_gmt":"2019-01-03T16:39:00","slug":"il-latino-ponte-tra-le-culture-al-lollino-conferenza-e-apericena-arabo","status":"publish","type":"post","link":"https:\/\/liceolollino.it\/il-latino-ponte-tra-le-culture-al-lollino-conferenza-e-apericena-arabo\/","title":{"rendered":"Il latino, ponte tra le culture. Al Lollino dibattito e &#8220;apericena&#8221; arabo."},"content":{"rendered":"<p><strong>&#8220;Insegnare latino ad Amman &#8211; la classicit\u00e0 dialoga con l&#8217;Oriente&#8221;<\/strong>: \u00e8 questo il tema che verr\u00e0 trattato\u00a0<strong>venerd\u00ec 11 gennaio alle 18.00,<\/strong> nell&#8217;Aula Magna del Liceo Lollino, dal prof. Federico Pirrone e dal prof. Alessandro Agus, rispettivamente presidente e direttore dell&#8217;<strong>Istituto Italiano di Studi Classici di Roma<\/strong>. L&#8217;iniziativa \u00e8 dell&#8217;Associazione &#8220;Amici del Lollino&#8221;, che aggiunge cos\u00ec un nuovo tassello al mosaico di proposte che contribuiscono a rendere quello che \u00e8 un polo didattico e formativo per gli studenti, anche un polo culturale aperto a tutta la cittadinanza. I due giovani relatori stanno realizzando un&#8217;esperienza di <strong>insegnamento del Latino all&#8217;<em>University of Jordan<\/em><\/strong> di Amman, attraverso il metodo induttivo-contestuale, ovvero parlandolo direttamente. L&#8217;interesse per la loro opera \u00e8 dunque duplice: da un lato metodologico, all&#8217;altro antropologico e culturale. A tutto ci\u00f2 l&#8217;Associazione e il Liceo hanno voluto affiancare anche l&#8217;elemento culinario: al termine dell&#8217;incontro sar\u00e0 infatti possibile assaggiare alcuni <strong>piatti della tradizione araba accompagnati da letture a tema, curate dagli studenti e dagli insegnanti del Lollino.<\/strong><\/p>\n","protected":false},"excerpt":{"rendered":"<p>&#8220;Insegnare latino ad Amman &#8211; la classicit\u00e0 dialoga con l&#8217;Oriente&#8221;: \u00e8 questo il tema che verr\u00e0 trattato\u00a0venerd\u00ec 11 gennaio alle 18.00, nell&#8217;Aula Magna del Liceo Lollino, dal prof. Federico Pirrone e dal prof. Alessandro Agus, rispettivamente presidente e direttore dell&#8217;Istituto Italiano di Studi Classici di&#8230;<\/p>\n","protected":false},"author":3,"featured_media":15964,"comment_status":"open","ping_status":"open","sticky":false,"template":"","format":"standard","meta":{"_mi_skip_tracking":false,"_monsterinsights_sitenote_active":false,"_monsterinsights_sitenote_note":"","_monsterinsights_sitenote_category":0,"footnotes":""},"categories":[237,232],"tags":[],"acf":[],"_links":{"self":[{"href":"https:\/\/liceolollino.it\/myapi-api\/wp\/v2\/posts\/15963"}],"collection":[{"href":"https:\/\/liceolollino.it\/myapi-api\/wp\/v2\/posts"}],"about":[{"href":"https:\/\/liceolollino.it\/myapi-api\/wp\/v2\/types\/post"}],"author":[{"embeddable":true,"href":"https:\/\/liceolollino.it\/myapi-api\/wp\/v2\/users\/3"}],"replies":[{"embeddable":true,"href":"https:\/\/liceolollino.it\/myapi-api\/wp\/v2\/comments?post=15963"}],"version-history":[{"count":5,"href":"https:\/\/liceolollino.it\/myapi-api\/wp\/v2\/posts\/15963\/revisions"}],"predecessor-version":[{"id":16020,"href":"https:\/\/liceolollino.it\/myapi-api\/wp\/v2\/posts\/15963\/revisions\/16020"}],"wp:featuredmedia":[{"embeddable":true,"href":"https:\/\/liceolollino.it\/myapi-api\/wp\/v2\/media\/15964"}],"wp:attachment":[{"href":"https:\/\/liceolollino.it\/myapi-api\/wp\/v2\/media?parent=15963"}],"wp:term":[{"taxonomy":"category","embeddable":true,"href":"https:\/\/liceolollino.it\/myapi-api\/wp\/v2\/categories?post=15963"},{"taxonomy":"post_tag","embeddable":true,"href":"https:\/\/liceolollino.it\/myapi-api\/wp\/v2\/tags?post=15963"}],"curies":[{"name":"wp","href":"https:\/\/api.w.org\/{rel}","templated":true}]}}