{"id":16102,"date":"2019-03-21T17:48:18","date_gmt":"2019-03-21T17:48:18","guid":{"rendered":"http:\/\/liceolollino.it\/?p=16102"},"modified":"2024-10-24T20:08:35","modified_gmt":"2024-10-24T20:08:35","slug":"21-marzo-a-padova-le-nostre-riflessioni-e-le-foto-della-giornata","status":"publish","type":"post","link":"https:\/\/liceolollino.it\/21-marzo-a-padova-le-nostre-riflessioni-e-le-foto-della-giornata\/","title":{"rendered":"21 marzo a Padova: le nostre riflessioni e le foto della giornata"},"content":{"rendered":"<p>Anche il Liceo Lollino era presente oggi a Padova in occasione della <strong>Giornata della memoria e dell&#8217;impegno in ricordo delle vittime innocenti delle mafie, organizzata da Libera<\/strong>. Da Belluno sono partiti in tutto circa 250 studenti grazie alle Scuole in Rete per un mondo di solidariet\u00e0 e pace. Ecco le impressioni di alcuni di noi e la gallery della giornata (grazie a Daniela e Malvina per le foto):<\/p>\n<p>&#8220;Oggi \u00e8 stata una giornata intensa. Intenso \u00e8 stato anche il discorso di don Ciotti. La cosa che pi\u00f9 mi ha colpito \u00e8 stato l&#8217;invito a rompere i muri dell&#8217;ipocrisia e del silenzio. Possono essere demoliti solo dall&#8217;informazione collettiva e da una convinta scelta personale. Penso che dopo una giornata del genere non ci siano dubbi sul lato da cui combattere&#8221;.<\/p>\n<p><strong>Maria &#8211; II Liceo<\/strong><\/p>\n<p>&#8220;Quando si parla di qualsiasi argomento bisogna avere ben chiaro di cosa si sta parlando . Con il discorso di oggi don Luigi Ciotti ha centrato uno dei problemi che permettono la proliferazione della mafia , ovvero la fragilit\u00e0 . Ha evidenziato quante persone per fragilit\u00e0 e per timore non si sottraggono alla ragnatela della mafia. Per questo \u00e8 importante formare una rete concreta di unione e presenza adatta a prevenire il lavoro mafioso&#8221;.<\/p>\n<p><strong>Anita &#8211; II Liceo<\/strong><\/p>\n<p>&#8220;Questa giornata mi ha lasciato il proposito di vivere ogni esperienza con pi\u00f9 coraggio e passione, senza mai vergognarsi delle proprie fragilit\u00e0, per onorare al meglio la memoria di coloro che in nome di ci\u00f2 hanno pagato con la vita&#8221;.<\/p>\n<p><strong>Giorgia &#8211; III Liceo<\/strong><\/p>\n<p>&#8220;E&#8217; stato importante esserci, per far capire che anche in Veneto siamo vicini a una causa che, oggi pi\u00f9 che mai, sentiamo anche nostra&#8221;.<\/p>\n<p><strong>Daniela &#8211; II Liceo<\/strong><\/p>\n<p>&nbsp;<\/p>\n<p>&nbsp;<\/p>\n","protected":false},"excerpt":{"rendered":"<p>Anche il Liceo Lollino era presente oggi a Padova in occasione della Giornata della memoria e dell&#8217;impegno in ricordo delle vittime innocenti delle mafie, organizzata da Libera. Da Belluno sono partiti in tutto circa 250 studenti grazie alle Scuole in Rete per un mondo di&#8230;<\/p>\n","protected":false},"author":3,"featured_media":16127,"comment_status":"open","ping_status":"open","sticky":false,"template":"","format":"gallery","meta":{"_mi_skip_tracking":false,"_monsterinsights_sitenote_active":false,"_monsterinsights_sitenote_note":"","_monsterinsights_sitenote_category":0,"footnotes":""},"categories":[270,232],"tags":[],"acf":[],"_links":{"self":[{"href":"https:\/\/liceolollino.it\/myapi-api\/wp\/v2\/posts\/16102"}],"collection":[{"href":"https:\/\/liceolollino.it\/myapi-api\/wp\/v2\/posts"}],"about":[{"href":"https:\/\/liceolollino.it\/myapi-api\/wp\/v2\/types\/post"}],"author":[{"embeddable":true,"href":"https:\/\/liceolollino.it\/myapi-api\/wp\/v2\/users\/3"}],"replies":[{"embeddable":true,"href":"https:\/\/liceolollino.it\/myapi-api\/wp\/v2\/comments?post=16102"}],"version-history":[{"count":4,"href":"https:\/\/liceolollino.it\/myapi-api\/wp\/v2\/posts\/16102\/revisions"}],"predecessor-version":[{"id":16135,"href":"https:\/\/liceolollino.it\/myapi-api\/wp\/v2\/posts\/16102\/revisions\/16135"}],"wp:featuredmedia":[{"embeddable":true,"href":"https:\/\/liceolollino.it\/myapi-api\/wp\/v2\/media\/16127"}],"wp:attachment":[{"href":"https:\/\/liceolollino.it\/myapi-api\/wp\/v2\/media?parent=16102"}],"wp:term":[{"taxonomy":"category","embeddable":true,"href":"https:\/\/liceolollino.it\/myapi-api\/wp\/v2\/categories?post=16102"},{"taxonomy":"post_tag","embeddable":true,"href":"https:\/\/liceolollino.it\/myapi-api\/wp\/v2\/tags?post=16102"}],"curies":[{"name":"wp","href":"https:\/\/api.w.org\/{rel}","templated":true}]}}