{"id":16426,"date":"2019-09-21T10:16:44","date_gmt":"2019-09-21T10:16:44","guid":{"rendered":"http:\/\/liceolollino.it\/?p=16426"},"modified":"2019-09-21T11:03:43","modified_gmt":"2019-09-21T11:03:43","slug":"il-lollino-alla-24-ore-di-san-martino","status":"publish","type":"post","link":"https:\/\/liceolollino.it\/il-lollino-alla-24-ore-di-san-martino\/","title":{"rendered":"IL LOLLINO ALLA &#8220;24 ORE DI SAN MARTINO&#8221;"},"content":{"rendered":"<div class=\"\" data-block=\"true\" data-editor=\"blk3t\" data-offset-key=\"drf3o-0-0\">\n<div class=\"_1mf _1mj\" data-offset-key=\"drf3o-0-0\"><span data-offset-key=\"61n6i-0-0\">Il Liceo Lollino Classico-Scientifico parteciper\u00e0 alla prossima 24 ore di San Martino!!! <\/span><span class=\"_3gl1 _5zz4\" data-offset-key=\"61n6i-1-0\"><span class=\"_ncl\"><span data-offset-key=\"61n6i-1-0\">????<\/span><\/span><\/span><span class=\"_3gl1 _5zz4\" data-offset-key=\"61n6i-2-0\"><span class=\"_ncl\"><span data-offset-key=\"61n6i-2-0\">????\u200d\u2640\ufe0f<\/span><\/span><\/span><span class=\"_3gl1 _5zz4\" data-offset-key=\"61n6i-3-0\"><span class=\"_ncl\"><span data-offset-key=\"61n6i-3-0\">????\u200d\u2640\ufe0f<\/span><\/span><\/span><span class=\"_3gl1 _5zz4\" data-offset-key=\"61n6i-4-0\"><span class=\"_ncl\"><span data-offset-key=\"61n6i-4-0\">????\u200d\u2640\ufe0f<\/span><\/span><\/span><span class=\"_3gl1 _5zz4\" data-offset-key=\"61n6i-5-0\"><span class=\"_ncl\"><span data-offset-key=\"61n6i-5-0\">????\u200d\u2642\ufe0f<\/span><\/span><\/span><span class=\"_3gl1 _5zz4\" data-offset-key=\"61n6i-6-0\"><span class=\"_ncl\"><span data-offset-key=\"61n6i-6-0\">????\u200d\u2642\ufe0f<\/span><\/span><\/span><span class=\"_3gl1 _5zz4\" data-offset-key=\"61n6i-7-0\"><span class=\"_ncl\"><span data-offset-key=\"61n6i-7-0\">????\u200d\u2642\ufe0f<\/span><\/span><\/span><\/div>\n<\/div>\n<div class=\"\" data-block=\"true\" data-editor=\"blk3t\" data-offset-key=\"449ub-0-0\">\n<div class=\"_1mf _1mj\" data-offset-key=\"449ub-0-0\"><span data-offset-key=\"449ub-0-0\">Pronti a rettificare se necessario ma, a detta degli organizzatori e delle &#8220;memorie storiche&#8221;, \u00e8 la prima volta in 46 edizioni che sulla linea di partenza si presenta una scuola <\/span><span class=\"_3gl1 _5zz4\" data-offset-key=\"449ub-1-0\"><span class=\"_ncl\"><span data-offset-key=\"449ub-1-0\">????<\/span><\/span><\/span><span data-offset-key=\"449ub-2-0\">. La squadra \u00e8 formata da studenti, insegnanti, genitori, ex studenti e alcuni amici che hanno accettato di affrontare con noi questa sfida <\/span><span class=\"_3gl1 _5zz4\" data-offset-key=\"449ub-3-0\"><span class=\"_ncl\"><span data-offset-key=\"449ub-3-0\">????<\/span><\/span><\/span><span data-offset-key=\"449ub-4-0\">. Sar\u00e0 prima di tutto un&#8217;esperienza formativa per i nostri ragazzi, non solo quelli che correranno: capacit\u00e0 di fare squadra, sacrificarsi per un obiettivo comune, assumersi la responsabilit\u00e0 di fare la propria parte, saper coniugare sport e cultura <\/span><span class=\"_3gl1 _5zz4\" data-offset-key=\"449ub-5-0\"><span class=\"_ncl\"><span data-offset-key=\"449ub-5-0\">????<\/span><\/span><\/span><span class=\"_3gl1 _5zz4\" data-offset-key=\"449ub-6-0\"><span class=\"_ncl\"><span data-offset-key=\"449ub-6-0\">????\u200d????<\/span><\/span><\/span><span data-offset-key=\"449ub-7-0\">. Sar\u00e0 naturalmente anche l&#8217;occasione giusta per divertirsi e far conoscere la scuola! GRAZIE, davvero di cuore a Roberto Bianchini del Bar San Martino <\/span><span class=\"_3gl1 _5zz4\" data-offset-key=\"449ub-8-0\"><span class=\"_ncl\"><span data-offset-key=\"449ub-8-0\">????<\/span><\/span><\/span><span data-offset-key=\"449ub-9-0\">, che ci ha dato la spinta decisiva e ai nostri splendidi sponsor: CAF ACLI Belluno <\/span><span class=\"_3gl1 _5zz4\" data-offset-key=\"449ub-10-0\"><span class=\"_ncl\"><span data-offset-key=\"449ub-10-0\">????<\/span><\/span><\/span><span data-offset-key=\"449ub-11-0\">&#8211; L&#8217;Amico del Popolo <\/span><span class=\"_3gl1 _5zz4\" data-offset-key=\"449ub-12-0\"><span class=\"_ncl\"><span data-offset-key=\"449ub-12-0\">????<\/span><\/span><\/span><span data-offset-key=\"449ub-13-0\"> &#8211; Clinica Odontoiatrica Dal Pont <\/span><span class=\"_3gl1 _5zz4\" data-offset-key=\"449ub-14-0\"><span class=\"_ncl\"><span data-offset-key=\"449ub-14-0\">????<\/span><\/span><\/span><span data-offset-key=\"449ub-15-0\">. <\/span><\/div>\n<\/div>\n<div class=\"\" data-block=\"true\" data-editor=\"blk3t\" data-offset-key=\"584df-0-0\">\n<div class=\"_1mf _1mj\" data-offset-key=\"584df-0-0\"><span data-offset-key=\"584df-0-0\">Naturalmente vi aspettiamo tutti il 12\/13 ottobre al Polisportivo per sostenere i nostri ragazzi.<\/span><\/div>\n<\/div>\n<div data-offset-key=\"8ov1s-0-0\"><\/div>\n<div class=\"_1mf _1mj\" data-offset-key=\"8ov1s-0-0\"><a href=\"http:\/\/+++ UFFICIALE +++ Il Liceo Lollino Classico-Scientifico parteciper\u00e0 alla prossima 24 ore di San Martino!!! ????????\u200d\u2640\ufe0f????\u200d\u2640\ufe0f????\u200d\u2640\ufe0f????\u200d\u2642\ufe0f????\u200d\u2642\ufe0f????\u200d\u2642\ufe0f Pronti a rettificare se necessario ma, a detta degli organizzatori e delle &quot;memorie storiche&quot;, \u00e8 prima volta in 46 edizioni, che sulla linea di partenza si presenta una scuola ????. La squadra \u00e8 formata da studenti, insegnanti, genitori, ex studenti e alcuni amici che hanno accettato di affrontare con noi questa sfida ????. Sar\u00e0 prima di tutto un'esperienza formativa per i nostri ragazzi, non solo quelli che correranno: capacit\u00e0 di fare squadra, sacrificarsi per un obiettivo comune, assumersi la responsabilit\u00e0 di fare la propria parte, saper coniugare sport e cultura ????????\u200d????. Sar\u00e0 naturalmente anche l'occasione giusta per divertirsi e far conoscere la scuola! GRAZIE, davvero di cuore a Roberto Bianchini del Bar San Martino ????, che ci ha dato la spinta decisiva e ai nostri splendidi sponsor: CAF ACLI Belluno ????- L'Amico del Popolo ???? - Clinica Odontoiatrica Dal Pont ????. Naturalmente vi aspettiamo tutti il 12\/13 ottobre al Polisportivo per sostenere i nostri ragazzi. https:\/\/www.castion-belluno.it\/eventi\/24-ore-di-san-martino\/\">ECCO IL LIBRETTO DELLA MANIFESTAZIONE!<\/a><\/div>\n","protected":false},"excerpt":{"rendered":"<p>Il Liceo Lollino Classico-Scientifico parteciper\u00e0 alla prossima 24 ore di San Martino!!! ????????\u200d\u2640\ufe0f????\u200d\u2640\ufe0f????\u200d\u2640\ufe0f????\u200d\u2642\ufe0f????\u200d\u2642\ufe0f????\u200d\u2642\ufe0f Pronti a rettificare se necessario ma, a detta degli organizzatori e delle &#8220;memorie storiche&#8221;, \u00e8 la prima volta in 46 edizioni che sulla linea di partenza si presenta una scuola ????. La&#8230;<\/p>\n","protected":false},"author":3,"featured_media":16428,"comment_status":"open","ping_status":"open","sticky":false,"template":"","format":"standard","meta":{"_mi_skip_tracking":false,"_monsterinsights_sitenote_active":false,"_monsterinsights_sitenote_note":"","_monsterinsights_sitenote_category":0,"footnotes":""},"categories":[232,239],"tags":[],"acf":[],"_links":{"self":[{"href":"https:\/\/liceolollino.it\/myapi-api\/wp\/v2\/posts\/16426"}],"collection":[{"href":"https:\/\/liceolollino.it\/myapi-api\/wp\/v2\/posts"}],"about":[{"href":"https:\/\/liceolollino.it\/myapi-api\/wp\/v2\/types\/post"}],"author":[{"embeddable":true,"href":"https:\/\/liceolollino.it\/myapi-api\/wp\/v2\/users\/3"}],"replies":[{"embeddable":true,"href":"https:\/\/liceolollino.it\/myapi-api\/wp\/v2\/comments?post=16426"}],"version-history":[{"count":2,"href":"https:\/\/liceolollino.it\/myapi-api\/wp\/v2\/posts\/16426\/revisions"}],"predecessor-version":[{"id":16429,"href":"https:\/\/liceolollino.it\/myapi-api\/wp\/v2\/posts\/16426\/revisions\/16429"}],"wp:featuredmedia":[{"embeddable":true,"href":"https:\/\/liceolollino.it\/myapi-api\/wp\/v2\/media\/16428"}],"wp:attachment":[{"href":"https:\/\/liceolollino.it\/myapi-api\/wp\/v2\/media?parent=16426"}],"wp:term":[{"taxonomy":"category","embeddable":true,"href":"https:\/\/liceolollino.it\/myapi-api\/wp\/v2\/categories?post=16426"},{"taxonomy":"post_tag","embeddable":true,"href":"https:\/\/liceolollino.it\/myapi-api\/wp\/v2\/tags?post=16426"}],"curies":[{"name":"wp","href":"https:\/\/api.w.org\/{rel}","templated":true}]}}