{"id":16541,"date":"2019-10-26T07:58:38","date_gmt":"2019-10-26T07:58:38","guid":{"rendered":"http:\/\/liceolollino.it\/?p=16541"},"modified":"2019-10-26T17:22:09","modified_gmt":"2019-10-26T17:22:09","slug":"dialogo-islamo-cristiano-al-liceo-lollino-insieme-a-tiziano-e-galilei","status":"publish","type":"post","link":"https:\/\/liceolollino.it\/dialogo-islamo-cristiano-al-liceo-lollino-insieme-a-tiziano-e-galilei\/","title":{"rendered":"DIALOGO ISLAMO-CRISTIANO AL LICEO \u201cLOLLINO\u201d INSIEME A \u201cTIZIANO\u201d E \u201cGALILEI\u201d"},"content":{"rendered":"<p><img loading=\"lazy\" decoding=\"async\" class=\"wp-image-16535 size-thumbnail alignright\" src=\"http:\/\/liceolollino.it\/wp-content\/uploads\/2019\/10\/WhatsApp-Image-2019-10-26-at-08.50.36-1-150x150.jpeg\" alt=\"\" width=\"150\" height=\"150\" srcset=\"https:\/\/liceolollino.it\/wp-content\/uploads\/2019\/10\/WhatsApp-Image-2019-10-26-at-08.50.36-1-150x150.jpeg 150w, https:\/\/liceolollino.it\/wp-content\/uploads\/2019\/10\/WhatsApp-Image-2019-10-26-at-08.50.36-1-650x650.jpeg 650w, https:\/\/liceolollino.it\/wp-content\/uploads\/2019\/10\/WhatsApp-Image-2019-10-26-at-08.50.36-1-1125x1125.jpeg 1125w\" sizes=\"(max-width: 150px) 100vw, 150px\" \/>Si \u00e8 svolto questa mattina nell\u2019aula magna del Liceo Lollino Classico e Scientifico, l\u2019evento organizzato in occasione della giornata del dialogo islamo-cristiano dalle <strong>Scuole<\/strong> <strong>in Rete per un Mondo di Solidariet\u00e0 e Pace<\/strong>, in collaborazione con la Diocesi di Belluno e Feltre, l\u2019associazione islamica Assieme per il Bene Comune, la Commissione Giustizia e Pace, il Comune di Belluno. Vi hanno preso parte gli studenti dei licei Lollino, Tiziano e Galilei di Belluno.<\/p>\n<p><strong>\u00a0\u201cLa fratellanza umana e la pace mondiale. Papa Francesco e il grande Imam di Al-Azhar insieme per il futuro dell&#8217;umanit\u00e0\u201d<\/strong> \u2013 \u00a0\u00e8 stato il tema della tavola rotonda cui hanno preso parte il <strong>prof.<\/strong> <strong>Said Chabbar, <\/strong>docente presso la facolt\u00e0 di scienze islamiche all&#8217;universit\u00e0 Sultan Mulay Suleiman (Beni Mellal &#8211; Marocco)<strong> e don Valentino Cottini,<\/strong> gi\u00e0 preside del Pontificio istituto di studi arabi e d&#8217;islamistica e direttore della rivista \u201cIslamochristiana\u201d.<img loading=\"lazy\" decoding=\"async\" class=\"size-thumbnail wp-image-16537 alignleft\" src=\"http:\/\/liceolollino.it\/wp-content\/uploads\/2019\/10\/WhatsApp-Image-2019-10-26-at-08.50.36-150x150.jpeg\" alt=\"\" width=\"150\" height=\"150\" srcset=\"https:\/\/liceolollino.it\/wp-content\/uploads\/2019\/10\/WhatsApp-Image-2019-10-26-at-08.50.36-150x150.jpeg 150w, https:\/\/liceolollino.it\/wp-content\/uploads\/2019\/10\/WhatsApp-Image-2019-10-26-at-08.50.36-650x650.jpeg 650w, https:\/\/liceolollino.it\/wp-content\/uploads\/2019\/10\/WhatsApp-Image-2019-10-26-at-08.50.36-1125x1125.jpeg 1125w\" sizes=\"(max-width: 150px) 100vw, 150px\" \/><\/p>\n<p>Dopo l\u2019introduzione da parte del preside del Liceo Lollino, prof. <strong>don Giuseppe Bratti<\/strong> e del referente delle Scuole in Rete per un Mondo di Solidariet\u00e0 e Pace prof. <strong>Franco Chemello<\/strong>, la parola \u00e8 andata al prof.<strong> Said Chabbar<\/strong> che grazie alla traduzione del membro della Comunit\u00e0 Islamica Bellunese Aziz El Aamari ha fatto subito riferimento al documento sottoscritto da papa Francesco e dal grande Imam di Al-Azhar, definito una svolta storica, segno della volont\u00e0 di queste due grandi religioni di superare i pregiudizi e lavorare insieme per la pace. &#8220;Dio ha creato l\u2019umanit\u00e0 e ha mandato dei messaggeri per indirizzarla verso i migliori valori. E allora perch\u00e9 ci sono delle differenze tra i messaggi? La base \u00e8 la stessa. Ci\u00f2 che cambia \u00e8 il contesto storico. Tutti i profeti hanno invitato la gente a credere in un unico Dio, alla misericordia, all\u2019aiuto dei pi\u00f9 deboli, a fare la pace tra i popoli. E allora perch\u00e9 le guerre? Perch\u00e9 il terrorismo?\u201d si \u00e8 chiesto il prof. Chabbar, \u201cSono gli interessi politici ed economici che vengono usati con la maschera della religione. La bellezza della natura sta nella diversit\u00e0. Anche per il genere umano dovrebbe essere lo stesso: le differenze non devono essere motivo di divisione, occorre rispettarle e dialogare per conoscersi\u201d.<\/p>\n<p><img loading=\"lazy\" decoding=\"async\" class=\"size-thumbnail wp-image-16539 alignleft\" src=\"http:\/\/liceolollino.it\/wp-content\/uploads\/2019\/10\/WhatsApp-Image-2019-10-26-at-09.03.19-150x150.jpeg\" alt=\"\" width=\"150\" height=\"150\" srcset=\"https:\/\/liceolollino.it\/wp-content\/uploads\/2019\/10\/WhatsApp-Image-2019-10-26-at-09.03.19-150x150.jpeg 150w, https:\/\/liceolollino.it\/wp-content\/uploads\/2019\/10\/WhatsApp-Image-2019-10-26-at-09.03.19-650x650.jpeg 650w, https:\/\/liceolollino.it\/wp-content\/uploads\/2019\/10\/WhatsApp-Image-2019-10-26-at-09.03.19-1125x1125.jpeg 1125w\" sizes=\"(max-width: 150px) 100vw, 150px\" \/>A <strong>don Valentino Cottini<\/strong> il compito di presentare il documento di Abu Dhabi. Pu\u00f2 essere davvero una svolta? \u201cSpesso i documenti si sono poi rivelati inutili perch\u00e9 la loro diffusione si \u00e8 limitata a una cerchia ristretta\u201d ha riconosciuto don Cottini, \u201cci sono tuttavia dei segnali per poter dire per\u00f2 che questa volta \u00e8 diverso. Innanzitutto perch\u00e9 il documento \u00e8 stato preparato insieme: le commissioni islamica e cristiana hanno lavorato per un anno; in secondo luogo, perch\u00e9 tra le righe del testo si richiama esplicitamente la necessit\u00e0 di diffonderlo nelle scuole, come sta avvenendo oggi; in terzo luogo perch\u00e9 \u00e8 nato intorno a un caff\u00e8!\u201d, ha raccontato don Cottini, che ha spiegato:\u00a0 \u201cDurante l&#8217;incontro tra il papa e l\u2019imam di Al-Azhar \u00e8 nata con spontaneit\u00e0 e ferialit\u00e0 l\u2019idea di costruire qualcosa insieme\u201d.<\/p>\n<p>&nbsp;<\/p>\n","protected":false},"excerpt":{"rendered":"<p>Si \u00e8 svolto questa mattina nell\u2019aula magna del Liceo Lollino Classico e Scientifico, l\u2019evento organizzato in occasione della giornata del dialogo islamo-cristiano dalle Scuole in Rete per un Mondo di Solidariet\u00e0 e Pace, in collaborazione con la Diocesi di Belluno e Feltre, l\u2019associazione islamica Assieme&#8230;<\/p>\n","protected":false},"author":3,"featured_media":16536,"comment_status":"open","ping_status":"open","sticky":false,"template":"","format":"standard","meta":{"_mi_skip_tracking":false,"_monsterinsights_sitenote_active":false,"_monsterinsights_sitenote_note":"","_monsterinsights_sitenote_category":0,"footnotes":""},"categories":[232,239],"tags":[],"acf":[],"_links":{"self":[{"href":"https:\/\/liceolollino.it\/myapi-api\/wp\/v2\/posts\/16541"}],"collection":[{"href":"https:\/\/liceolollino.it\/myapi-api\/wp\/v2\/posts"}],"about":[{"href":"https:\/\/liceolollino.it\/myapi-api\/wp\/v2\/types\/post"}],"author":[{"embeddable":true,"href":"https:\/\/liceolollino.it\/myapi-api\/wp\/v2\/users\/3"}],"replies":[{"embeddable":true,"href":"https:\/\/liceolollino.it\/myapi-api\/wp\/v2\/comments?post=16541"}],"version-history":[{"count":6,"href":"https:\/\/liceolollino.it\/myapi-api\/wp\/v2\/posts\/16541\/revisions"}],"predecessor-version":[{"id":16547,"href":"https:\/\/liceolollino.it\/myapi-api\/wp\/v2\/posts\/16541\/revisions\/16547"}],"wp:featuredmedia":[{"embeddable":true,"href":"https:\/\/liceolollino.it\/myapi-api\/wp\/v2\/media\/16536"}],"wp:attachment":[{"href":"https:\/\/liceolollino.it\/myapi-api\/wp\/v2\/media?parent=16541"}],"wp:term":[{"taxonomy":"category","embeddable":true,"href":"https:\/\/liceolollino.it\/myapi-api\/wp\/v2\/categories?post=16541"},{"taxonomy":"post_tag","embeddable":true,"href":"https:\/\/liceolollino.it\/myapi-api\/wp\/v2\/tags?post=16541"}],"curies":[{"name":"wp","href":"https:\/\/api.w.org\/{rel}","templated":true}]}}