{"id":17063,"date":"2021-11-24T08:13:27","date_gmt":"2021-11-24T08:13:27","guid":{"rendered":"http:\/\/liceolollino.it\/?p=17063"},"modified":"2021-11-27T09:55:22","modified_gmt":"2021-11-27T09:55:22","slug":"serena-bonalanza-eletta-presidente-della-consulta-degli-studenti","status":"publish","type":"post","link":"https:\/\/liceolollino.it\/serena-bonalanza-eletta-presidente-della-consulta-degli-studenti\/","title":{"rendered":"Serena Bonalanza eletta presidente della Consulta degli studenti"},"content":{"rendered":"<p><img loading=\"lazy\" decoding=\"async\" class=\"alignleft wp-image-17064\" src=\"http:\/\/liceolollino.it\/wp-content\/uploads\/2021\/11\/Serena.B.-298x300.jpg\" alt=\"\" width=\"129\" height=\"130\" srcset=\"https:\/\/liceolollino.it\/wp-content\/uploads\/2021\/11\/Serena.B.-298x300.jpg 298w, https:\/\/liceolollino.it\/wp-content\/uploads\/2021\/11\/Serena.B.-150x150.jpg 150w, https:\/\/liceolollino.it\/wp-content\/uploads\/2021\/11\/Serena.B.-768x774.jpg 768w, https:\/\/liceolollino.it\/wp-content\/uploads\/2021\/11\/Serena.B.-650x650.jpg 650w, https:\/\/liceolollino.it\/wp-content\/uploads\/2021\/11\/Serena.B..jpg 1005w\" sizes=\"(max-width: 129px) 100vw, 129px\" \/><\/p>\n<p>Il Liceo Lollino, per la prima volta, ai vertici della Consulta provinciale degli studenti (C.P.S.). Infatti, Serena Bonalanza, studentessa all\u2019ultimo anno del liceo classico, \u00e8 stata eletta alla presidenza della Consulta provinciale, assumendo, cos\u00ec, anche il ruolo di vicepresidente del Coordinamento regionale degli organi di rappresentanza. La consulta \u00e8 presente in ciascuna delle 107 province italiane e ha il compito di rappresentare, al meglio, gli alunni delle scuole superiori. Nel territorio, questo organismo fa capo all\u2019Ufficio scolastico provinciale di Belluno e si inserisce nella rete sia regionale sia nazionale. Buon lavoro, Serena!<\/p>\n","protected":false},"excerpt":{"rendered":"<p>Il Liceo Lollino, per la prima volta, ai vertici della Consulta provinciale degli studenti (C.P.S.). Infatti, Serena Bonalanza, studentessa all\u2019ultimo anno del liceo classico, \u00e8 stata eletta alla presidenza della Consulta provinciale, assumendo, cos\u00ec, anche il ruolo di vicepresidente del Coordinamento regionale degli organi di&#8230;<\/p>\n","protected":false},"author":3,"featured_media":0,"comment_status":"open","ping_status":"open","sticky":false,"template":"","format":"standard","meta":{"_mi_skip_tracking":false,"_monsterinsights_sitenote_active":false,"_monsterinsights_sitenote_note":"","_monsterinsights_sitenote_category":0,"footnotes":""},"categories":[239],"tags":[],"acf":[],"_links":{"self":[{"href":"https:\/\/liceolollino.it\/myapi-api\/wp\/v2\/posts\/17063"}],"collection":[{"href":"https:\/\/liceolollino.it\/myapi-api\/wp\/v2\/posts"}],"about":[{"href":"https:\/\/liceolollino.it\/myapi-api\/wp\/v2\/types\/post"}],"author":[{"embeddable":true,"href":"https:\/\/liceolollino.it\/myapi-api\/wp\/v2\/users\/3"}],"replies":[{"embeddable":true,"href":"https:\/\/liceolollino.it\/myapi-api\/wp\/v2\/comments?post=17063"}],"version-history":[{"count":2,"href":"https:\/\/liceolollino.it\/myapi-api\/wp\/v2\/posts\/17063\/revisions"}],"predecessor-version":[{"id":17076,"href":"https:\/\/liceolollino.it\/myapi-api\/wp\/v2\/posts\/17063\/revisions\/17076"}],"wp:attachment":[{"href":"https:\/\/liceolollino.it\/myapi-api\/wp\/v2\/media?parent=17063"}],"wp:term":[{"taxonomy":"category","embeddable":true,"href":"https:\/\/liceolollino.it\/myapi-api\/wp\/v2\/categories?post=17063"},{"taxonomy":"post_tag","embeddable":true,"href":"https:\/\/liceolollino.it\/myapi-api\/wp\/v2\/tags?post=17063"}],"curies":[{"name":"wp","href":"https:\/\/api.w.org\/{rel}","templated":true}]}}