{"id":17121,"date":"2022-03-02T14:42:59","date_gmt":"2022-03-02T14:42:59","guid":{"rendered":"http:\/\/liceolollino.it\/?p=17121"},"modified":"2022-03-11T08:32:40","modified_gmt":"2022-03-11T08:32:40","slug":"in-ricordo-di-don-elio-e-don-giovanni","status":"publish","type":"post","link":"https:\/\/liceolollino.it\/in-ricordo-di-don-elio-e-don-giovanni\/","title":{"rendered":"IN RICORDO DI DON ELIO E DON GIOVANNI"},"content":{"rendered":"<p>Tra pochi giorni ricorrer\u00e0 il primo anniversario<img loading=\"lazy\" decoding=\"async\" class=\"wp-image-17126 alignleft\" src=\"http:\/\/liceolollino.it\/wp-content\/uploads\/2022\/03\/photo1646805728-198x300.jpeg\" alt=\"\" width=\"148\" height=\"225\" srcset=\"https:\/\/liceolollino.it\/wp-content\/uploads\/2022\/03\/photo1646805728-198x300.jpeg 198w, https:\/\/liceolollino.it\/wp-content\/uploads\/2022\/03\/photo1646805728.jpeg 564w\" sizes=\"(max-width: 148px) 100vw, 148px\" \/> della scomparsa di don Giovanni Unterberger e di don Elio Larese. Cos\u00ec, le diverse realt\u00e0 in cui i due sacerdoti bellunesi hanno vissuto la loro missione sacerdotale hanno deciso di ricordarli, con riconoscenza e affetto, per quanto hanno donato alla comunit\u00e0 bellunese, compreso il Liceo Lollino.<br \/>\nPer questo venerd\u00ec 11 marzo, in Cattedrale, alle 18:30 verr\u00e0 celebrata una messa in suffragio di don Giovanni.<br \/>\nLuned\u00ec 14 marzo, alle 18, il vescovo Renato Marangoni presieder\u00e0 una messa in suffragio di monsignor Ausilio Da Rif, don Francesco Silvestri, don Giovanni e don Elio.<br \/>\nVenerd\u00ec 18 marzo, alle 18:30, sempre in Cattedrale, verr\u00e0 celebrata la Santa Messa in suffragio di don Elio. Alle 15:00, al Lollino, verr\u00e0 presentato un libro in ricordo di don Elio, per anni preside della nostra scuola. Il libro \u00e8 stato realizzato da Flavio Battiston e Maddalena Martini Barzolai con le testimonianze su don Elio, raccolte tra i suoi studenti, dai pi\u00f9 recenti ai meno recenti, ma anche tra alcuni estimatori bellunesi.<\/p>\n<p><img loading=\"lazy\" decoding=\"async\" class=\"alignnone size-medium wp-image-17130\" src=\"http:\/\/liceolollino.it\/wp-content\/uploads\/2022\/03\/IMG-20220311-WA0004-300x300.jpg\" alt=\"\" width=\"300\" height=\"300\" srcset=\"https:\/\/liceolollino.it\/wp-content\/uploads\/2022\/03\/IMG-20220311-WA0004-300x300.jpg 300w, https:\/\/liceolollino.it\/wp-content\/uploads\/2022\/03\/IMG-20220311-WA0004-150x150.jpg 150w, https:\/\/liceolollino.it\/wp-content\/uploads\/2022\/03\/IMG-20220311-WA0004-768x768.jpg 768w, https:\/\/liceolollino.it\/wp-content\/uploads\/2022\/03\/IMG-20220311-WA0004-1024x1024.jpg 1024w, https:\/\/liceolollino.it\/wp-content\/uploads\/2022\/03\/IMG-20220311-WA0004-650x650.jpg 650w, https:\/\/liceolollino.it\/wp-content\/uploads\/2022\/03\/IMG-20220311-WA0004-1125x1125.jpg 1125w, https:\/\/liceolollino.it\/wp-content\/uploads\/2022\/03\/IMG-20220311-WA0004.jpg 1600w\" sizes=\"(max-width: 300px) 100vw, 300px\" \/><\/p>\n","protected":false},"excerpt":{"rendered":"<p>Tra pochi giorni ricorrer\u00e0 il primo anniversario della scomparsa di don Giovanni Unterberger e di don Elio Larese. Cos\u00ec, le diverse realt\u00e0 in cui i due sacerdoti bellunesi hanno vissuto la loro missione sacerdotale hanno deciso di ricordarli, con riconoscenza e affetto, per quanto hanno&#8230;<\/p>\n","protected":false},"author":3,"featured_media":17126,"comment_status":"open","ping_status":"open","sticky":false,"template":"","format":"standard","meta":{"_mi_skip_tracking":false,"_monsterinsights_sitenote_active":false,"_monsterinsights_sitenote_note":"","_monsterinsights_sitenote_category":0,"footnotes":""},"categories":[237,232],"tags":[],"acf":[],"_links":{"self":[{"href":"https:\/\/liceolollino.it\/myapi-api\/wp\/v2\/posts\/17121"}],"collection":[{"href":"https:\/\/liceolollino.it\/myapi-api\/wp\/v2\/posts"}],"about":[{"href":"https:\/\/liceolollino.it\/myapi-api\/wp\/v2\/types\/post"}],"author":[{"embeddable":true,"href":"https:\/\/liceolollino.it\/myapi-api\/wp\/v2\/users\/3"}],"replies":[{"embeddable":true,"href":"https:\/\/liceolollino.it\/myapi-api\/wp\/v2\/comments?post=17121"}],"version-history":[{"count":4,"href":"https:\/\/liceolollino.it\/myapi-api\/wp\/v2\/posts\/17121\/revisions"}],"predecessor-version":[{"id":17131,"href":"https:\/\/liceolollino.it\/myapi-api\/wp\/v2\/posts\/17121\/revisions\/17131"}],"wp:featuredmedia":[{"embeddable":true,"href":"https:\/\/liceolollino.it\/myapi-api\/wp\/v2\/media\/17126"}],"wp:attachment":[{"href":"https:\/\/liceolollino.it\/myapi-api\/wp\/v2\/media?parent=17121"}],"wp:term":[{"taxonomy":"category","embeddable":true,"href":"https:\/\/liceolollino.it\/myapi-api\/wp\/v2\/categories?post=17121"},{"taxonomy":"post_tag","embeddable":true,"href":"https:\/\/liceolollino.it\/myapi-api\/wp\/v2\/tags?post=17121"}],"curies":[{"name":"wp","href":"https:\/\/api.w.org\/{rel}","templated":true}]}}