{"id":17426,"date":"2023-12-13T17:27:37","date_gmt":"2023-12-13T17:27:37","guid":{"rendered":"https:\/\/liceolollino.it\/?p=17426"},"modified":"2023-12-14T20:58:51","modified_gmt":"2023-12-14T20:58:51","slug":"scuola-aperta-2","status":"publish","type":"post","link":"https:\/\/liceolollino.it\/scuola-aperta-2\/","title":{"rendered":"SCUOLA APERTA"},"content":{"rendered":"\n<p>Insegnanti e studenti sono pronti a mostrarvi gli ambienti della scuola, raccontarvi la loro esperienza e illustrarvi la proposta didattica.<\/p>\n\n\n\n<p>Vi aspettiamo<br>???? Venerd\u00ec 15 dicembre ore 18<br>???? Sabato 16 dicembre ore 10<br>???? Domenica 7 gennaio ore 15<br>???? Venerd\u00ec 12 gennaio ore 18<\/p>\n\n\n\n<p>Per conoscere pi\u00f9 da vicino la nostra proposta clicca <a href=\"https:\/\/liceolollino.it\/wp-content\/uploads\/2023\/12\/Lollino-2023-24-WEB.pdf\">qui<\/a> <\/p>\n\n\n\n<div class=\"wp-block-cover\"><span aria-hidden=\"true\" class=\"wp-block-cover__background has-background-dim\"><\/span><img loading=\"lazy\" decoding=\"async\" width=\"1920\" height=\"2560\" class=\"wp-block-cover__image-background wp-image-17449\" alt=\"\" src=\"https:\/\/liceolollino.it\/wp-content\/uploads\/2023\/12\/IMG_5919-min-2-scaled.jpg\" data-object-fit=\"cover\" srcset=\"https:\/\/liceolollino.it\/wp-content\/uploads\/2023\/12\/IMG_5919-min-2-scaled.jpg 1920w, https:\/\/liceolollino.it\/wp-content\/uploads\/2023\/12\/IMG_5919-min-2-225x300.jpg 225w, https:\/\/liceolollino.it\/wp-content\/uploads\/2023\/12\/IMG_5919-min-2-768x1024.jpg 768w, https:\/\/liceolollino.it\/wp-content\/uploads\/2023\/12\/IMG_5919-min-2-1152x1536.jpg 1152w, https:\/\/liceolollino.it\/wp-content\/uploads\/2023\/12\/IMG_5919-min-2-1536x2048.jpg 1536w, https:\/\/liceolollino.it\/wp-content\/uploads\/2023\/12\/IMG_5919-min-2-600x800.jpg 600w\" sizes=\"(max-width: 1920px) 100vw, 1920px\" \/><div class=\"wp-block-cover__inner-container is-layout-constrained wp-block-cover-is-layout-constrained\">\n<p class=\"has-text-align-center has-large-font-size\"><\/p>\n<\/div><\/div>\n","protected":false},"excerpt":{"rendered":"<p>Insegnanti e studenti sono pronti a mostrarvi gli ambienti della scuola, raccontarvi la loro esperienza e illustrarvi la proposta didattica. Vi aspettiamo???? Venerd\u00ec 15 dicembre ore 18???? Sabato 16 dicembre ore 10???? Domenica 7 gennaio ore 15???? Venerd\u00ec 12 gennaio ore 18 Per conoscere pi\u00f9&#8230;<\/p>\n","protected":false},"author":3,"featured_media":0,"comment_status":"open","ping_status":"open","sticky":false,"template":"","format":"standard","meta":{"_mi_skip_tracking":false,"_monsterinsights_sitenote_active":false,"_monsterinsights_sitenote_note":"","_monsterinsights_sitenote_category":0,"footnotes":""},"categories":[231],"tags":[],"acf":[],"_links":{"self":[{"href":"https:\/\/liceolollino.it\/myapi-api\/wp\/v2\/posts\/17426"}],"collection":[{"href":"https:\/\/liceolollino.it\/myapi-api\/wp\/v2\/posts"}],"about":[{"href":"https:\/\/liceolollino.it\/myapi-api\/wp\/v2\/types\/post"}],"author":[{"embeddable":true,"href":"https:\/\/liceolollino.it\/myapi-api\/wp\/v2\/users\/3"}],"replies":[{"embeddable":true,"href":"https:\/\/liceolollino.it\/myapi-api\/wp\/v2\/comments?post=17426"}],"version-history":[{"count":5,"href":"https:\/\/liceolollino.it\/myapi-api\/wp\/v2\/posts\/17426\/revisions"}],"predecessor-version":[{"id":17450,"href":"https:\/\/liceolollino.it\/myapi-api\/wp\/v2\/posts\/17426\/revisions\/17450"}],"wp:attachment":[{"href":"https:\/\/liceolollino.it\/myapi-api\/wp\/v2\/media?parent=17426"}],"wp:term":[{"taxonomy":"category","embeddable":true,"href":"https:\/\/liceolollino.it\/myapi-api\/wp\/v2\/categories?post=17426"},{"taxonomy":"post_tag","embeddable":true,"href":"https:\/\/liceolollino.it\/myapi-api\/wp\/v2\/tags?post=17426"}],"curies":[{"name":"wp","href":"https:\/\/api.w.org\/{rel}","templated":true}]}}