{"id":17468,"date":"2024-01-17T14:37:54","date_gmt":"2024-01-17T14:37:54","guid":{"rendered":"https:\/\/liceolollino.it\/?p=17468"},"modified":"2024-01-17T14:40:36","modified_gmt":"2024-01-17T14:40:36","slug":"diocesi-e-scuole-per-crescere-allassemblea-pubblica","status":"publish","type":"post","link":"https:\/\/liceolollino.it\/diocesi-e-scuole-per-crescere-allassemblea-pubblica\/","title":{"rendered":"DIOCESI E \u201cSCUOLE PER CRESCERE\u201d ALL&#8217;ASSEMBLEA PUBBLICA"},"content":{"rendered":"\n<figure class=\"wp-block-image size-large\"><img loading=\"lazy\" decoding=\"async\" width=\"768\" height=\"1024\" src=\"https:\/\/liceolollino.it\/wp-content\/uploads\/2024\/01\/IMG_0758-768x1024.jpeg\" alt=\"\" class=\"wp-image-17469\" srcset=\"https:\/\/liceolollino.it\/wp-content\/uploads\/2024\/01\/IMG_0758-768x1024.jpeg 768w, https:\/\/liceolollino.it\/wp-content\/uploads\/2024\/01\/IMG_0758-225x300.jpeg 225w, https:\/\/liceolollino.it\/wp-content\/uploads\/2024\/01\/IMG_0758-1152x1536.jpeg 1152w, https:\/\/liceolollino.it\/wp-content\/uploads\/2024\/01\/IMG_0758-1536x2048.jpeg 1536w, https:\/\/liceolollino.it\/wp-content\/uploads\/2024\/01\/IMG_0758-600x800.jpeg 600w, https:\/\/liceolollino.it\/wp-content\/uploads\/2024\/01\/IMG_0758-scaled.jpeg 1920w\" sizes=\"(max-width: 768px) 100vw, 768px\" \/><\/figure>\n\n\n\n<p>APPUNTAMENTO GIOVED\u00ec SERA ALLE 18 NELL\u2019AULA MAGNA DELLA SCUOLA<\/p>\n\n\n\n<p>Si terr\u00e0 gioved\u00ec 18 gennaio con inizio alle ore 18.30 nell&#8217;aula magna del Liceo Lollino l&#8217;assemblea pubblica che vedr\u00e0 rappresentanti della Diocesi di Belluno-Feltre e il direttore della rete di imprese \u201cScuole per Crescere, Mario Monti, illustrare la nuova gestione del liceo dall&#8217;anno scolastico 2024-2025.<br>L&#8217;assemblea pubblica sar\u00e0 aperta alle famiglie degli studenti gi\u00e0 iscritte \u2013 che in questi giorni hanno ricevuto l&#8217;invito da parte della dirigenza scolastica &#8211; e a chi vorr\u00e0 conoscere le nuove proposte del Lollino per i prossimi anni, in vista dell&#8217;imminente apertura delle iscrizioni al prossimo anno scolastico (prevista proprio per il 18 gennaio; chiusura, 10 febbraio).<br>\u00abDopo il successo di \u201cScuole Aperte\u201d della scorsa settimana, \u2013 evidenzia il presidente dell&#8217;Associazione Amici del Lollino, Francesco Galli \u2013 quella di gioved\u00ec sar\u00e0 un&#8217;importante occasione per ascoltare e confrontarsi direttamente con la Diocesi e con chi la affiancher\u00e0 nei prossimi anni; un momento significativo per conoscere le nuove iniziative e per chiarire ogni possibile dubbio e questione. Per questo, invitiamo tutti a partecipare attivamente alla serata\u00bb.<\/p>\n","protected":false},"excerpt":{"rendered":"<p>APPUNTAMENTO GIOVED\u00ec SERA ALLE 18 NELL\u2019AULA MAGNA DELLA SCUOLA Si terr\u00e0 gioved\u00ec 18 gennaio con inizio alle ore 18.30 nell&#8217;aula magna del Liceo Lollino l&#8217;assemblea pubblica che vedr\u00e0 rappresentanti della Diocesi di Belluno-Feltre e il direttore della rete di imprese \u201cScuole per Crescere, Mario Monti,&#8230;<\/p>\n","protected":false},"author":3,"featured_media":0,"comment_status":"open","ping_status":"open","sticky":false,"template":"","format":"standard","meta":{"_mi_skip_tracking":false,"_monsterinsights_sitenote_active":false,"_monsterinsights_sitenote_note":"","_monsterinsights_sitenote_category":0,"footnotes":""},"categories":[234,231],"tags":[],"acf":[],"_links":{"self":[{"href":"https:\/\/liceolollino.it\/myapi-api\/wp\/v2\/posts\/17468"}],"collection":[{"href":"https:\/\/liceolollino.it\/myapi-api\/wp\/v2\/posts"}],"about":[{"href":"https:\/\/liceolollino.it\/myapi-api\/wp\/v2\/types\/post"}],"author":[{"embeddable":true,"href":"https:\/\/liceolollino.it\/myapi-api\/wp\/v2\/users\/3"}],"replies":[{"embeddable":true,"href":"https:\/\/liceolollino.it\/myapi-api\/wp\/v2\/comments?post=17468"}],"version-history":[{"count":2,"href":"https:\/\/liceolollino.it\/myapi-api\/wp\/v2\/posts\/17468\/revisions"}],"predecessor-version":[{"id":17471,"href":"https:\/\/liceolollino.it\/myapi-api\/wp\/v2\/posts\/17468\/revisions\/17471"}],"wp:attachment":[{"href":"https:\/\/liceolollino.it\/myapi-api\/wp\/v2\/media?parent=17468"}],"wp:term":[{"taxonomy":"category","embeddable":true,"href":"https:\/\/liceolollino.it\/myapi-api\/wp\/v2\/categories?post=17468"},{"taxonomy":"post_tag","embeddable":true,"href":"https:\/\/liceolollino.it\/myapi-api\/wp\/v2\/tags?post=17468"}],"curies":[{"name":"wp","href":"https:\/\/api.w.org\/{rel}","templated":true}]}}